{"id":16775,"date":"2021-03-02T11:14:55","date_gmt":"2021-03-02T10:14:55","guid":{"rendered":"http:\/\/www.cittadellaeditrice.com\/munera\/?p=16775"},"modified":"2021-03-02T11:14:55","modified_gmt":"2021-03-02T10:14:55","slug":"uscirono-le-donne-con-i-tamburelli-e-le-danze-es-1520-di-marinella-perroni","status":"publish","type":"post","link":"https:\/\/www.cittadellaeditrice.com\/munera\/uscirono-le-donne-con-i-tamburelli-e-le-danze-es-1520-di-marinella-perroni\/","title":{"rendered":"Uscirono le donne con i tamburelli e le danze (Es 15,20) &#8211; di Marinella Perroni"},"content":{"rendered":"<p><a href=\"http:\/\/www.cittadellaeditrice.com\/munera\/wp-content\/uploads\/Bose.jpg\"><img decoding=\"async\" loading=\"lazy\" class=\"alignnone size-medium wp-image-16776\" alt=\"Bose\" src=\"http:\/\/www.cittadellaeditrice.com\/munera\/wp-content\/uploads\/Bose-300x147.jpg\" width=\"300\" height=\"147\" srcset=\"https:\/\/www.cittadellaeditrice.com\/munera\/wp-content\/uploads\/Bose-300x147.jpg 300w, https:\/\/www.cittadellaeditrice.com\/munera\/wp-content\/uploads\/Bose.jpg 512w\" sizes=\"(max-width: 300px) 100vw, 300px\" \/><\/a><\/p>\n<p><em>Ricevo da Marinella Perroni questo testo appassionato. E&#8217; una sapiente meditazione, alla vigilia del compleanno di Enzo Bianchi, che domani compie il 78esimo anno di vita. Vi si esprime una domanda di custodia di ci\u00f2 che \u00e8 stato, nel bene e nel male, per la vita di quella casa\u00a0 che \u00e8 Bose.\u00a0 Parla anzitutto alle &#8220;donne della comunit\u00e0, alle sorelle&#8221;, cui spetta &#8220;imporre e pretendere il dovere della memoria&#8221;.\u00a0<\/em><\/p>\n<h2><\/h2>\n<h2>Uscirono le donne con i tamburelli e le danze (Es 15,20)<\/h2>\n<p>di MARINELLA PERRONI<\/p>\n<p align=\"justify\">\u00a0Domani, 3 marzo, \u00e8 il compleanno di Enzo Bianchi (78 anni). Non indugio sui ricordi di pranzi di festa a cui anche io ho avuto la gioia di essere invitata. Per quanto mi riguarda, so come festeggiare Enzo: ascolter\u00f2 qualche canzone di Lucio Dalla (soprattutto 4.3.1943) e far\u00f2 memoria di tante cose. Ecco, questo \u00e8 il punto: fare memoria.<\/p>\n<p>\u00a0Tanto \u00e8 stato detto e scritto, perch\u00e9 Bose \u00e8 cara a tanti, e la sua grave infermit\u00e0 preoccupa. Parole, valutazioni, comunicati, ricostruzioni, accuse hanno scandito, come campane a morto, questi mesi. A riprova di grande partecipazione, di straordinario affetto, di accorata preoccupazione. I silenzi, poi, non sono stati meno eloquenti: se in tanti hanno riconosciuto in Bose un segno della vitalit\u00e0 dello Spirito, molti altri in questi anni sono stati seduti sul greto del fiume aspettando che, prima o poi, passasse finalmente il cadavere del nemico. Chi ha letto \u201cLa mula del Papa\u201d, uno dei racconti di Alphonse Daudet, lo sa bene: in certi ambienti il momento tanto atteso prima o poi viene e fa finalmente scattare tutti i meccanismi predisposti dai custodi del passato, sempre atterriti dall\u2019incalzare del futuro. Che dal mondo monastico e da quello ecclesiastico siano venuti a Enzo Bianchi, nei lunghi anni del suo ministero, riconoscimento e riconoscenza \u00e8 fuori di dubbio, come lo \u00e8 altrettanto che, in modo direttamente proporzionale con la crescita della sua fama, sia cresciuto anche il livore contro di lui. Per invidia, certo, ma non soltanto. La forza carismatica difficilmente si combina con un carattere arrendevole e una parola accomodante.<\/p>\n<p align=\"justify\">Che questo poi \u2013 visto che non sembra siano riusciti ad imputargli altro \u2013 sia una delle cause dell\u2019implosione della comunit\u00e0 \u00e8 ben possibile. Anche perch\u00e9 la <i>stabilitas<\/i> monastica non favorisce certo la cura dei tanti \u201cbleus \u00e0 l\u2019\u00e2me\u201d, come li aveva felicemente chiamati Fran\u00e7oise Sagan, soprattutto quando qualcuno ha pi\u00f9 diritto di parola di qualcun altro. Ed \u00e8 difficile che, dall\u2019esterno, una parola balsamica riesca a penetrare quel corpo a corpo, al contempo esaltante e mortificante, che va sotto il nome di vita di comunit\u00e0. Di qualsiasi comunit\u00e0: come \u201cLa guerra dei roses\u201d, che abbiamo visto al cinema, ci ha tolto ogni illusione sulla vita di coppia, la vicenda di Bose, che nell\u2019epoca della comunicazione abbiamo visto svolgersi davanti ai nostri occhi puntata dopo puntata, ci conferma che volersi distruggere a vicenda \u00e8 ben possibile e, significativamente, si realizza attraverso la distruzione della casa comune.<\/p>\n<p align=\"justify\">Nessuno di noi sa se e quando tutto questo finir\u00e0 n\u00e9, tanto meno, come. Le date, per\u00f2, ci aiutano a non perdere il senso della realt\u00e0: comunque sia, domani \u00e8 il 3 marzo, giorno della memoria per tutti quelli che sono a Bose. Nessun decreto ecclesiastico pu\u00f2 cancellare il fatto che, di Bose, Enzo Bianchi \u00e8 stato il fondatore e che, per decine di anni, ha presieduto alla vita della comunit\u00e0. Nella buona e nella cattiva sorte.<\/p>\n<p align=\"justify\">Spetta a mio avviso alle donne della comunit\u00e0, alle sorelle, imporre e pretendere il dovere della memoria. Abituate, forse, a tenere un basso profilo, spetta per\u00f2 a loro chiedere a tutti, monaci e monache, di fare i conti con la memoria: \u00abuscirono le donne con i tamburelli e le danze\u00bb (Es 15,7). Non \u00e8 questione di sentimentalismi romantici, anche perch\u00e9 non \u00e8 detto che la fatica di questi mesi di profonda sofferenza abbia conservato intatto, oltre alla lucidit\u00e0 della mente, anche lo scrigno dei sentimenti. Non \u00e8 neppure questione di costruire una narrazione fittizia di ci\u00f2 che \u00e8 stato, come se i lividi non fossero lividi o si potesse fare come se ci\u00f2 che \u00e8 stato, compresi gli ultimi spasmi di questi mesi, non fosse stato.<\/p>\n<p align=\"justify\">Sarebbe importante per\u00f2, e forse anche decisivo, se le sorelle assumessero su di s\u00e9 la responsabilit\u00e0 di una consegna. Stando a tutti i vangeli, solo le discepole di Ges\u00f9 erano in grado di ricevere la consegna pasquale per eccellenza, quella di non sfuggire alla memoria (Lc 24,8). All\u2019inizio, per gli altri discepoli, \u00e8 apparso come \u00abun vaneggiamento\u00bb (Lc 24,10), ma non importa. Senza la memoria di quanto avvenuto in Galilea, qualsiasi fede si sarebbe tradotta in ideologia. Pu\u00f2 piacere o no, pu\u00f2 far emergere sentimenti di rabbia o di condiscendenza, poco importa: il 3 marzo del 1943, Enzo Bianchi \u00e8 nato e, senza di lui, molte delle cose che a Bose e nella chiesa sono state e sono non ci sarebbero.<\/p>\n<p align=\"justify\">\u00a0Marinella Perroni<\/p>\n<p align=\"justify\">Biblista<\/p>\n<p align=\"justify\">Pontificio Ateneo S. Anselmo &#8211; Roma<\/p>\n","protected":false},"excerpt":{"rendered":"<p>Ricevo da Marinella Perroni questo testo appassionato. E&#8217; una sapiente meditazione, alla vigilia del compleanno di Enzo Bianchi, che domani compie il 78esimo anno di vita. Vi si esprime una domanda di custodia di ci\u00f2&#8230;<\/p>\n","protected":false},"author":7,"featured_media":0,"comment_status":"open","ping_status":"open","sticky":false,"template":"","format":"standard","meta":[],"categories":[50],"tags":[],"_links":{"self":[{"href":"https:\/\/www.cittadellaeditrice.com\/munera\/wp-json\/wp\/v2\/posts\/16775"}],"collection":[{"href":"https:\/\/www.cittadellaeditrice.com\/munera\/wp-json\/wp\/v2\/posts"}],"about":[{"href":"https:\/\/www.cittadellaeditrice.com\/munera\/wp-json\/wp\/v2\/types\/post"}],"author":[{"embeddable":true,"href":"https:\/\/www.cittadellaeditrice.com\/munera\/wp-json\/wp\/v2\/users\/7"}],"replies":[{"embeddable":true,"href":"https:\/\/www.cittadellaeditrice.com\/munera\/wp-json\/wp\/v2\/comments?post=16775"}],"version-history":[{"count":2,"href":"https:\/\/www.cittadellaeditrice.com\/munera\/wp-json\/wp\/v2\/posts\/16775\/revisions"}],"predecessor-version":[{"id":16778,"href":"https:\/\/www.cittadellaeditrice.com\/munera\/wp-json\/wp\/v2\/posts\/16775\/revisions\/16778"}],"wp:attachment":[{"href":"https:\/\/www.cittadellaeditrice.com\/munera\/wp-json\/wp\/v2\/media?parent=16775"}],"wp:term":[{"taxonomy":"category","embeddable":true,"href":"https:\/\/www.cittadellaeditrice.com\/munera\/wp-json\/wp\/v2\/categories?post=16775"},{"taxonomy":"post_tag","embeddable":true,"href":"https:\/\/www.cittadellaeditrice.com\/munera\/wp-json\/wp\/v2\/tags?post=16775"}],"curies":[{"name":"wp","href":"https:\/\/api.w.org\/{rel}","templated":true}]}}