{"id":16733,"date":"2021-02-23T08:49:57","date_gmt":"2021-02-23T07:49:57","guid":{"rendered":"http:\/\/www.cittadellaeditrice.com\/munera\/?p=16733"},"modified":"2021-02-23T09:04:24","modified_gmt":"2021-02-23T08:04:24","slug":"benedetto-xiv-francesco-e-la-doppia-conforme-chi-e-fuorviato-eo-fuorviante","status":"publish","type":"post","link":"https:\/\/www.cittadellaeditrice.com\/munera\/benedetto-xiv-francesco-e-la-doppia-conforme-chi-e-fuorviato-eo-fuorviante\/","title":{"rendered":"Benedetto XIV, Francesco e la &#8220;doppia conforme&#8221;: chi \u00e8 fuorviato e\/o fuorviante?"},"content":{"rendered":"<p><a href=\"http:\/\/www.cittadellaeditrice.com\/munera\/wp-content\/uploads\/BenedettoXIV.png\"><img decoding=\"async\" loading=\"lazy\" class=\"alignnone size-full wp-image-16734\" alt=\"BenedettoXIV\" src=\"http:\/\/www.cittadellaeditrice.com\/munera\/wp-content\/uploads\/BenedettoXIV.png\" width=\"209\" height=\"269\" \/><\/a><a href=\"http:\/\/www.cittadellaeditrice.com\/munera\/wp-content\/uploads\/n-PAPA-SCALFARI-large570.jpg\"><img decoding=\"async\" loading=\"lazy\" class=\"alignnone size-medium wp-image-3530\" alt=\"Papa: arrivato chiesa centro Roma con mitria in mano\" src=\"http:\/\/www.cittadellaeditrice.com\/munera\/wp-content\/uploads\/n-PAPA-SCALFARI-large570-300x125.jpg\" width=\"300\" height=\"125\" srcset=\"https:\/\/www.cittadellaeditrice.com\/munera\/wp-content\/uploads\/n-PAPA-SCALFARI-large570-300x125.jpg 300w, https:\/\/www.cittadellaeditrice.com\/munera\/wp-content\/uploads\/n-PAPA-SCALFARI-large570.jpg 570w\" sizes=\"(max-width: 300px) 100vw, 300px\" \/><\/a><\/p>\n<p>In una dei soliti giudizi sommari <a href=\"http:\/\/magister.blogautore.espresso.repubblica.it\/2021\/01\/30\/%E2%80%9Cil-papa-e-stato-fuorviato%E2%80%9D-il-discorso-di-francesco-alla-rota-romana-sotto-la-lente-di-un-grande-canonista\/\">sul suo blog, il 30 gennaio scorso<\/a>\u00a0&#8211; &#8220;Il papa \u00e8\u00a0 stato fuorviato&#8221;\u00a0&#8211; Sandro Magister cavalca una legittima discussione storica proposta da Carlo Fantappi\u00e9, ma lo fa per screditare la riforma che Papa Francesco ha proposto del &#8220;processo per l&#8217;accertamento della nullit\u00e0 matrimoniale&#8221;. Il papa, secondo questa ricostruzione\u00a0 tendenziosa, sarebbe stato &#8220;fuorviato&#8221; nel suo giudizio sulla riforma con cui Benedetto XIV, nel 1741, introdusse la &#8220;doppia conforme&#8221; &#8211; la richiesta di due sentenze successive conformi sulla stessa causa &#8211; per assumere come definitivi giudizio sulla nullit\u00e0 del vincolo matrimoniale. Francesco ha ritenuto, nel 2015, che questo meccanismo di &#8220;certezza del diritto&#8221; appesantisse in modo eccessivo il procedimento e lo ha superato. Le reazioni a questa riforma &#8211; come in generale a tutta la riforma del processo di nullit\u00e0 &#8211; a dire dello stesso Francesco sono state forti ed hanno opposto innumerevoli resistenze. Magister ha cos\u00ec strumentalizzato una considerazione puramente storica e legittima, con cui il bravo C. Fantappi\u00e9 ha difeso le intenzioni di Benedetto XIV nel proporre quasi 300 anni fa la doppia conforme, ma in nessun modo questo pu\u00f2 essere utilizzato per denigrare le intenzioni con cui Francesco ha superato quel regime e ha introdotto una prassi diversa. In materia di &#8220;procedura giudiziale&#8221; \u00e8 legittimo cambiare opinione, visione e forma: nessun &#8220;diritto divino&#8221; \u00e8 qui in gioco in modo diretto. Cerchiamo allora di comprendere meglio che cosa \u00e8\u00a0 davvero &#8220;fuorviante&#8221;\u00a0 e &#8220;fuorviato&#8221; in tutta questa discussione.<\/p>\n<p>a) Se \u00e8 vero che nel diritto la &#8220;forma&#8221; spesso \u00e8 &#8220;sostanza&#8221;, non bisogna mai esagerare. Capisco bene che uno storico, come Fantappi\u00e9, possa avere tutto l&#8217;interesse a ristabilire la verit\u00e0 storica su un atto del 1741. Ma lo storico sa bene come le decisioni autorevoli assunte quasi trecento anni prima debbano essere sottoposte ad una accurata revisione, indipendentemente dalla bont\u00e0 delle intenzioni con cui furono assunte. E&#8217; del tutto <strong>fuorviante<\/strong> citare, del prof. C. Fantappi\u00e9, solo gli studi storici &#8211; anche quelli sulla &#8220;doppia conforme&#8221; &#8211; e dimenticare il recente studio\u00a0<em>Per un cambio di paradigma. Diritto canonico, teologia e riforme nella Chiesa<\/em>\u00a0(EDB, 2019)<\/p>\n<p>b) <strong>Fuorviante<\/strong> \u00e8 dimenticare che altro \u00e8 considerare l&#8217;istituto della nullit\u00e0 nel 1741, altro nel 2015. Le mutate condizioni ecclesiali, culturali, personali e matrimoniali, la nascita del &#8220;matrimonio moderno&#8221; alla fine del XIX secolo e lo stesso magistero ecclesiale che si \u00e8 personalizzato nel corso del XX secolo impongono una revisione accurata delle procedure con cui la Chiesa &#8220;si prende cura&#8221; delle vicende dei battezzati, anche nell&#8217;ambito della vita coniugale e familiare.<\/p>\n<p>c)\u00a0<strong>Fuorviante\u00a0<\/strong>\u00e8 dimenticare che lo stesso istituto della nullit\u00e0, che di per s\u00e9 \u00e8 noto ad ogni ordinamento giuridico, ha subito una tale pressione da parte della realt\u00e0 esistenziale ed ecclesiale, da essere diventato, letteralmente, un&#8217;altra cosa rispetto a quello che era 300 anni fa. E che, sotto la pressione della nuova realt\u00e0 personale e matrimoniale, \u00e8 stato di fatto piegato ad &#8220;usi&#8221;\u00a0 &#8211; e non di rado ad &#8220;abusi&#8221; &#8211; che lo hanno reso estremamente problematico. La intenzione di renderlo pi\u00f9 rapido, di ricondurne la autorit\u00e0 al vescovo e di assicurarne la prossimit\u00e0 e la economicit\u00e0 non sono semplicemente &#8220;fisime&#8221; di papa Francesco, ma urgenze pastorali del tutto serie, per far fronte a nuove realt\u00e0 di vita.<\/p>\n<p>d)\u00a0<strong>Fuorviante<\/strong><em>\u00a0<\/em>\u00e8 la mancanza di un dibattito dei canonisti stessi per cercare diverse soluzioni. E&#8217; un segno dei tempi il fatto che, di fronte alla riforma di Francesco, molti canonisti o abbiano tentato di resistere o abbiano cercato di far finta di niente. Al canonista compete non solo una competenza &#8220;de iure condito&#8221;, ma anche una immaginazione &#8220;de iure condendo&#8221;. Su questo mi aspetterei coraggio, profezia, audacia, non solo resistenza e lamentale. Come se &#8220;toccare il sistema&#8221; volesse dire rovinarlo. Qui, nel mondo giuridico cattolico, riscontro un eccesso di passivit\u00e0 verso il modello di &#8220;legge generale e astratta&#8221; che Napoleone ha insegnato all&#8217;Europa e sembra anche alla Chiesa, a partire dal Codice del 1917. Anche su questo C. Fantappi\u00e9 pu\u00f2 essere una fonte preziosa per non essere fuorviati da giudizi infondati. Insieme al recentissimo volume di M. Neri,\u00a0<em>Fuori di s\u00e9. La Chiesa nello spazio pubblico<\/em> (EDB 2020), che risulta illuminante proprio su questo intreccio tra diritto codificato e presenza ecclesiale.<\/p>\n<p>e) Infine, ma dovremmo dire anzitutto, <strong>fuorviato e fuorviante<\/strong> non \u00e8 anzitutto un giudizio su un papa del passato, ma la mancanza di senso della realt\u00e0. <em>Il vincolo matrimoniale ha una storia, che l&#8217;istituto della nullit\u00e0 non riesce a considerare<\/em>. Per valutarla, con tutta la saggezza, la prudenza e la cautela necessaria, non \u00e8 possibile esaminare soltanto le virt\u00f9 e i vizi del consenso originario. Il modello di pensiero che ha strutturato lo sviluppo del &#8220;processo di nullit\u00e0&#8221; \u00e8 viziato da un modo di pensare l&#8217;uomo e la donna che non risponde pi\u00f9, da almeno due secoli, a ci\u00f2 che uomo e donna sono e sono diventati. Non solo i tempi sterminati di durata dei processi, non solo le spese esorbitanti, sono perci\u00f2 il problema: <em>in gioco vi \u00e8 la fedelt\u00e0 a ci\u00f2 che uomo e donna vivono nella esperienza matrimoniale, nelle sue gioie e nei suoi dolori<\/em>. Le loro storie, sempre complesse e diverse, entrano nelle categorie predisposte dalla tradizione medievale e moderna della nullit\u00e0, solo al prezzo, ormai non pi\u00f9 sopportabile, di crescenti finzioni e mistificazioni. Fuorviante e fuorviato \u00e8 un sistema giuridico che non riesce a onorare le storie di vita, ma afferma solo se stesso. E lo fa in latino, forse per pudore. O forse perch\u00e9 solo una lingua non pi\u00f9 viva pu\u00f2 sopportare questa pratica fuorviata e fuorviante.\u00a0\u00a0<em><br \/>\n<\/em><\/p>\n<p>f) Solo un <strong>cambio di paradigma<\/strong>, in questo campo, <strong>non sar\u00e0 fuorviante<\/strong> e <strong>non risulter\u00e0 fuorviato<\/strong>. Un grande dibattito, che abbia i canonisti come soggetti e non solo come &#8220;vittime&#8221;, deve progettare un &#8220;diritto canonico&#8221; &#8211; non solo sul piano procedurale, ma anche su quello sostanziale &#8211; che non si chiuda in una torre d&#8217;avorio in cui, anzich\u00e9 onorare la realt\u00e0 complessa, si inventano irrealt\u00e0, senza rapporto con la vita di peccato e di grazia effettivamente vissuta dagli uomini e dalle donne.<\/p>\n<p>&nbsp;<\/p>\n<p>&nbsp;<\/p>\n","protected":false},"excerpt":{"rendered":"<p>In una dei soliti giudizi sommari sul suo blog, il 30 gennaio scorso\u00a0&#8211; &#8220;Il papa \u00e8\u00a0 stato fuorviato&#8221;\u00a0&#8211; Sandro Magister cavalca una legittima discussione storica proposta da Carlo Fantappi\u00e9, ma lo fa per screditare la&#8230;<\/p>\n","protected":false},"author":7,"featured_media":0,"comment_status":"open","ping_status":"open","sticky":false,"template":"","format":"standard","meta":[],"categories":[50],"tags":[],"_links":{"self":[{"href":"https:\/\/www.cittadellaeditrice.com\/munera\/wp-json\/wp\/v2\/posts\/16733"}],"collection":[{"href":"https:\/\/www.cittadellaeditrice.com\/munera\/wp-json\/wp\/v2\/posts"}],"about":[{"href":"https:\/\/www.cittadellaeditrice.com\/munera\/wp-json\/wp\/v2\/types\/post"}],"author":[{"embeddable":true,"href":"https:\/\/www.cittadellaeditrice.com\/munera\/wp-json\/wp\/v2\/users\/7"}],"replies":[{"embeddable":true,"href":"https:\/\/www.cittadellaeditrice.com\/munera\/wp-json\/wp\/v2\/comments?post=16733"}],"version-history":[{"count":5,"href":"https:\/\/www.cittadellaeditrice.com\/munera\/wp-json\/wp\/v2\/posts\/16733\/revisions"}],"predecessor-version":[{"id":16739,"href":"https:\/\/www.cittadellaeditrice.com\/munera\/wp-json\/wp\/v2\/posts\/16733\/revisions\/16739"}],"wp:attachment":[{"href":"https:\/\/www.cittadellaeditrice.com\/munera\/wp-json\/wp\/v2\/media?parent=16733"}],"wp:term":[{"taxonomy":"category","embeddable":true,"href":"https:\/\/www.cittadellaeditrice.com\/munera\/wp-json\/wp\/v2\/categories?post=16733"},{"taxonomy":"post_tag","embeddable":true,"href":"https:\/\/www.cittadellaeditrice.com\/munera\/wp-json\/wp\/v2\/tags?post=16733"}],"curies":[{"name":"wp","href":"https:\/\/api.w.org\/{rel}","templated":true}]}}