{"id":16727,"date":"2021-02-21T06:57:11","date_gmt":"2021-02-21T05:57:11","guid":{"rendered":"http:\/\/www.cittadellaeditrice.com\/munera\/?p=16727"},"modified":"2021-02-21T17:52:57","modified_gmt":"2021-02-21T16:52:57","slug":"dopo-il-card-robert-sarah-per-attuare-non-per-ostacolare-la-partecipazione-attiva","status":"publish","type":"post","link":"https:\/\/www.cittadellaeditrice.com\/munera\/dopo-il-card-robert-sarah-per-attuare-non-per-ostacolare-la-partecipazione-attiva\/","title":{"rendered":"Dopo il card. Robert Sarah. Per attuare &#8211; non per ostacolare &#8211; la partecipazione attiva"},"content":{"rendered":"<p><a href=\"http:\/\/www.cittadellaeditrice.com\/munera\/wp-content\/uploads\/CCD.jpg\"><img decoding=\"async\" loading=\"lazy\" class=\"alignnone size-medium wp-image-16728\" alt=\"CCD\" src=\"http:\/\/www.cittadellaeditrice.com\/munera\/wp-content\/uploads\/CCD-300x231.jpg\" width=\"300\" height=\"231\" srcset=\"https:\/\/www.cittadellaeditrice.com\/munera\/wp-content\/uploads\/CCD-300x231.jpg 300w, https:\/\/www.cittadellaeditrice.com\/munera\/wp-content\/uploads\/CCD-1024x789.jpg 1024w, https:\/\/www.cittadellaeditrice.com\/munera\/wp-content\/uploads\/CCD.jpg 1280w\" sizes=\"(max-width: 300px) 100vw, 300px\" \/><\/a><\/p>\n<p>Nella struttura della Curia Romana, la funzione della Congregazione per il Culto Divino e la disciplina dei sacramenti ha assunto, dal 1988, la figura di competenza che troviamo nella Costituzione Apostolica\u00a0<em>Pastor Bonus <\/em>(62-66). Molto importanti sono i tre punti che qualificano la attivit\u00e0 dell&#8217;Ufficio, cos\u00ec come espressi dal n. 64. Leggiamoli integralmente:<\/p>\n<p><em>Articolo 64<\/em><\/p>\n<p><em>\u00a7 1. La Congregazione promuove con mezzi efficaci e adeguati l&#8217;azione pastorale liturgica, in particolar modo in ci\u00f2 che attiene alla celebrazione dell&#8217;Eucaristia; assiste i Vescovi diocesani, perch\u00e9 i fedeli partecipino sempre pi\u00f9 attivamente alla sacra liturgia.<\/em><\/p>\n<p><em>\u00a7 2. Provvede alla compilazione o alla correzione dei testi liturgici; rivede ed approva i calendari particolari ed i propri delle Messe e degli Uffici delle Chiese particolari, nonch\u00e9, quelli degli istituti che godono di tale diritto.<\/em><\/p>\n<p><em>\u00a7 3. Rivede la traduzioni dei libri liturgici ed i loro adattamenti, preparati legittimamente dalle conferenze episcopali.<\/em><\/p>\n<p>Come \u00e8 evidente, il dettato normativo non lascia molti dubbi: la funzione centrale della Congregazione consiste nel coordinare, a livello centrale, il cammino di attuazione della Riforma Liturgica. Questo avviene a tre livelli: sul piano della &#8220;azione pastorale liturgica&#8221;, orientata chiaramente ad una maggiore &#8220;partecipazione attiva&#8221;; sul piano della stesura dei testi liturgici e dei calendari; sul piano della traduzione e dell&#8217;adattamento operati dalle Conferenze Episcopali.<\/p>\n<p>Sono proprio questi tre obiettivi ad aver determinato, negli ultimi decenni, crescenti tensioni tra il compito istituzionale e il suo concreto svolgimento. Non solo nel caso dell&#8217;ultimo Prefetto che ha rassegnato le dimissioni, ma in una lunga teoria di predecessori, la evidenza dei tre compiti che abbiamo considerato \u00e8 apparsa in una luce troppo debole, quasi sopraffatta da &#8220;doveri alternativi&#8221;, se non contraddittori addirittura. Come non pensare che, a partire dallo stesso anno in cui nasceva questo assetto costituzionale, sorgeva, parallelamente, una &#8220;competenza alternativa&#8221; sulla liturgia, da parte della Commissione &#8220;Ecclesia Dei&#8221;, sull&#8217;uso del rito romano precedente, che sarebbe enormemente cresciuta a partire dal 2007, fino ad estinguersi nel 2019, ma con il passaggio delle competenze alla CDF, che si trova ad esercitare un compito che di per s\u00e9 sarebbe di competenza della CCD?<\/p>\n<p>Non \u00e8 difficile notare, comunque, come su ognuno dei tre punti-chiave della competenza, si \u00e8 assistito, con gli ultimi Prefetti, ad una progressiva trasformazione della competenza:<\/p>\n<p>a) La partecipazione attiva dei fedeli \u00e8 stata spostata sempre pi\u00f9 sullo sfondo, mentre si \u00e8 sollevato il grave sospetto che la &#8220;assemblea o comunit\u00e0 celebrante&#8221; fosse espressione di un pericoloso &#8220;abuso&#8221;. E che la rinuncia all&#8217;uso fosse un bel modo di evitare gli abusi.<\/p>\n<p>b) La compilazione e correzione dei testi liturgici e dei calendari ha interpretato il ruolo dell&#8217;Ufficio pi\u00f9 come quella di &#8220;conservazione del museo&#8221; piuttosto che come quella della &#8220;coltivazione di un giardino&#8221;.<\/p>\n<p>c) Sulla traduzione si \u00e8 dovuto attendere il 2017 &#8211; col motu proprio <em>Magnum Principium<\/em> &#8211;\u00a0per ritrovare il senso originario sia del valore insuperabile delle &#8220;lingue parlate&#8221;, sia della funzione delle Conferenze Episcopali. E la ombra lunga di\u00a0<em>Liturgiam authenticam<\/em>\u00a0fa ancora sentire il peso di una lettura &#8220;latina&#8221; della tradizione, che guarda con sospetto alle lingue parlate.<\/p>\n<p>Uscire da questa triplice <em>impasse<\/em>, che minaccia i tre compiti fondamentali della Congregazione, sar\u00e0 il compito che il prossimo Prefetto dovr\u00e0 assumere e coordinare. Non senza dimenticare che le congregazioni non sono uffici monocratici, ma collegiali. I Prefetti non sono altro che coloro che presiedono al lavoro di un Ufficio articolato. La speranza \u00e8 che, per guidare un processo tanto delicato di recezione della riforma liturgica, sia messa in campo la migliore competenza liturgica possibile, senza pensare che per coordinare un tale lavoro sia sufficiente il buon senso di un uomo istituzionale o la sapienza di un uomo spirituale: le logiche della liturgia non si lasciano comprendere solo per la loro forma esteriore o per il loro contenuto di verit\u00e0. Perci\u00f2 una competenza specifica, tecnica, testuale e rituale risulta inaggirabile. Per questo motivo apparirebbe davvero incomprensibile che a custodire un tale lavoro fosse designato chi non ne conosce nel dettaglio la delicata articolazione, come purtroppo \u00e8 stato normale negli ultimi decenni. Mentre \u00e8 stato normale che un esperto in dogmatica fosse designato a guidare la Congregazione per la Dottrina della Fede, un esperto in diplomazia guidasse la Segreteria di Stato, o che un esperto in diritto si occupasse del Pontificio Consiglio per i Testi Legislativi,\u00a0 dovrebbe diventare altrettanto normale che a guidare la Congregazione per il Culto Divino fosse chiamato chi conosce &#8220;da dentro&#8221; la forma rituale della vita di fede. Anche questa non irragionevole decisione, una buona volta, sarebbe un modo significativamente nuovo di onorare il Concilio Vaticano II e la sua illuminata recezione.<\/p>\n","protected":false},"excerpt":{"rendered":"<p>Nella struttura della Curia Romana, la funzione della Congregazione per il Culto Divino e la disciplina dei sacramenti ha assunto, dal 1988, la figura di competenza che troviamo nella Costituzione Apostolica\u00a0Pastor Bonus (62-66). Molto importanti&#8230;<\/p>\n","protected":false},"author":7,"featured_media":0,"comment_status":"open","ping_status":"open","sticky":false,"template":"","format":"standard","meta":[],"categories":[50],"tags":[],"_links":{"self":[{"href":"https:\/\/www.cittadellaeditrice.com\/munera\/wp-json\/wp\/v2\/posts\/16727"}],"collection":[{"href":"https:\/\/www.cittadellaeditrice.com\/munera\/wp-json\/wp\/v2\/posts"}],"about":[{"href":"https:\/\/www.cittadellaeditrice.com\/munera\/wp-json\/wp\/v2\/types\/post"}],"author":[{"embeddable":true,"href":"https:\/\/www.cittadellaeditrice.com\/munera\/wp-json\/wp\/v2\/users\/7"}],"replies":[{"embeddable":true,"href":"https:\/\/www.cittadellaeditrice.com\/munera\/wp-json\/wp\/v2\/comments?post=16727"}],"version-history":[{"count":4,"href":"https:\/\/www.cittadellaeditrice.com\/munera\/wp-json\/wp\/v2\/posts\/16727\/revisions"}],"predecessor-version":[{"id":16732,"href":"https:\/\/www.cittadellaeditrice.com\/munera\/wp-json\/wp\/v2\/posts\/16727\/revisions\/16732"}],"wp:attachment":[{"href":"https:\/\/www.cittadellaeditrice.com\/munera\/wp-json\/wp\/v2\/media?parent=16727"}],"wp:term":[{"taxonomy":"category","embeddable":true,"href":"https:\/\/www.cittadellaeditrice.com\/munera\/wp-json\/wp\/v2\/categories?post=16727"},{"taxonomy":"post_tag","embeddable":true,"href":"https:\/\/www.cittadellaeditrice.com\/munera\/wp-json\/wp\/v2\/tags?post=16727"}],"curies":[{"name":"wp","href":"https:\/\/api.w.org\/{rel}","templated":true}]}}