{"id":14785,"date":"2020-01-31T21:52:28","date_gmt":"2020-01-31T20:52:28","guid":{"rendered":"http:\/\/www.cittadellaeditrice.com\/munera\/?p=14785"},"modified":"2020-01-31T21:54:34","modified_gmt":"2020-01-31T20:54:34","slug":"un-sacerdozio-cattolico-immunizzato-dal-sacerdozio-comune-la-reductio-ad-absurdum-di-un-problema-vero","status":"publish","type":"post","link":"https:\/\/www.cittadellaeditrice.com\/munera\/un-sacerdozio-cattolico-immunizzato-dal-sacerdozio-comune-la-reductio-ad-absurdum-di-un-problema-vero\/","title":{"rendered":"Un \u201csacerdozio cattolico\u201d immunizzato dal sacerdozio comune? La &#8220;reductio ad absurdum&#8221; di un problema vero"},"content":{"rendered":"<p align=\"left\"><a href=\"http:\/\/www.cittadellaeditrice.com\/munera\/wp-content\/uploads\/ratzsarah.jpg\"><img decoding=\"async\" loading=\"lazy\" class=\"alignnone size-full wp-image-11861\" alt=\"ratzsarah\" src=\"http:\/\/www.cittadellaeditrice.com\/munera\/wp-content\/uploads\/ratzsarah.jpg\" width=\"279\" height=\"181\" \/><\/a><\/p>\n<p align=\"left\"><span style=\"color: #333333\"><span style=\"font-family: 'Source Sans Pro', Arial, 'Helvetica Neue', Helvetica, sans-serif\"><span style=\"font-size: small\">L\u2019occasione per questa riflessione mi \u00e8 stata data oggi dalla lettura di un testo, suggerit<\/span><\/span><\/span><span style=\"color: #333333\"><span style=\"font-family: 'Source Sans Pro', Arial, 'Helvetica Neue', Helvetica, sans-serif\"><span style=\"font-size: small\">o<\/span><\/span><\/span><span style=\"color: #333333\"><span style=\"font-family: 'Source Sans Pro', Arial, 'Helvetica Neue', Helvetica, sans-serif\"><span style=\"font-size: small\">mi da un amico attento.\u00a0<\/span><\/span><\/span><span><span style=\"font-family: 'Source Sans Pro', Arial, 'Helvetica Neue', Helvetica, sans-serif\"><span style=\"font-size: small\">Infatti, <\/span><\/span><\/span><span><span style=\"font-family: 'Source Sans Pro', Arial, 'Helvetica Neue', Helvetica, sans-serif\"><span style=\"font-size: small\">\u00e8 <\/span><\/span><\/span><span><span style=\"font-family: 'Source Sans Pro', Arial, 'Helvetica Neue', Helvetica, sans-serif\"><span style=\"font-size: small\">apparsa oggi su \u201cAvvenire\u201d <\/span><\/span><\/span><a href=\"https:\/\/www.avvenire.it\/chiesa\/pagine\/il-senso-cattolico-e-funzionale-del-celibato-dei-sacerdoti?fbclid=IwAR1JdkWTUwdgZ02Omz1mqCpGxDMV2gg_0wH7LTsZCa46uy8ecDkCdbeotfs\"><span style=\"color: #333333\"><span style=\"font-family: 'Source Sans Pro', Arial, 'Helvetica Neue', Helvetica, sans-serif\"><span style=\"font-size: small\">una recensione <\/span><\/span><\/span><\/a><span><span style=\"font-family: 'Source Sans Pro', Arial, 'Helvetica Neue', Helvetica, sans-serif\"><span style=\"font-size: small\"><a href=\"https:\/\/www.avvenire.it\/chiesa\/pagine\/il-senso-cattolico-e-funzionale-del-celibato-dei-sacerdoti?fbclid=IwAR1JdkWTUwdgZ02Omz1mqCpGxDMV2gg_0wH7LTsZCa46uy8ecDkCdbeotfs\">del libro \u201cDal profondo del nostro cuore\u201d<\/a>, <\/span><\/span><\/span><span><span style=\"font-family: 'Source Sans Pro', Arial, 'Helvetica Neue', Helvetica, sans-serif\"><span style=\"font-size: small\">in cui <\/span><\/span><\/span><span><span style=\"font-family: 'Source Sans Pro', Arial, 'Helvetica Neue', Helvetica, sans-serif\"><span style=\"font-size: small\">il prof. <\/span><\/span><\/span><span><span style=\"font-family: 'Source Sans Pro', Arial, 'Helvetica Neue', Helvetica, sans-serif\"><span style=\"font-size: small\">Fulvio <\/span><\/span><\/span><span><span style=\"font-family: 'Source Sans Pro', Arial, 'Helvetica Neue', Helvetica, sans-serif\"><span style=\"font-size: small\">De Giorgi, in modo incidentale, lascia cadere una affermazione che ha attirato <\/span><\/span><\/span><span><span style=\"font-family: 'Source Sans Pro', Arial, 'Helvetica Neue', Helvetica, sans-serif\"><span style=\"font-size: small\">subito <\/span><\/span><\/span><span><span style=\"font-family: 'Source Sans Pro', Arial, 'Helvetica Neue', Helvetica, sans-serif\"><span style=\"font-size: small\">la mia attenzione. Egli afferma che<\/span><\/span><\/span><\/p>\n<p align=\"left\"><span style=\"color: #333333\"><span style=\"font-family: 'Source Sans Pro', Arial, 'Helvetica Neue', Helvetica, sans-serif\"><span style=\"font-size: small\">\u201cRatzinger non affronta qui il sacerdozio comune: ma dal fatto che non ne parli non si pu\u00f2 assurdamente sostenere che lo neghi\u201d.<\/span><\/span><\/span><\/p>\n<p align=\"left\"><span style=\"color: #333333\"><span style=\"font-family: 'Source Sans Pro', Arial, 'Helvetica Neue', Helvetica, sans-serif\"><span style=\"font-size: small\">Credo che questa asserzione riveli un certo modo di considerare le questioni teologiche, che \u00e8 assai diffuso, e che conduce inevitabilmente a <\/span><\/span><\/span><span style=\"color: #333333\"><span style=\"font-family: 'Source Sans Pro', Arial, 'Helvetica Neue', Helvetica, sans-serif\"><span style=\"font-size: small\">conseguenze<\/span><\/span><\/span><span style=\"color: #333333\"><span style=\"font-family: 'Source Sans Pro', Arial, 'Helvetica Neue', Helvetica, sans-serif\"><span style=\"font-size: small\"> molto <\/span><\/span><\/span><span style=\"color: #333333\"><span style=\"font-family: 'Source Sans Pro', Arial, 'Helvetica Neue', Helvetica, sans-serif\"><span style=\"font-size: small\">unilaterali<\/span><\/span><\/span><span style=\"color: #333333\"><span style=\"font-family: 'Source Sans Pro', Arial, 'Helvetica Neue', Helvetica, sans-serif\"><span style=\"font-size: small\">.\u00a0<\/span><\/span><\/span><span><span style=\"font-family: 'Source Sans Pro', Arial, 'Helvetica Neue', Helvetica, sans-serif\"><span style=\"font-size: small\">Va precisato che la frase deve essere letta nel contesto di una recensione che sembra non <\/span><\/span><\/span><span><span style=\"font-family: 'Source Sans Pro', Arial, 'Helvetica Neue', Helvetica, sans-serif\"><span style=\"font-size: small\">riconoscere<\/span><\/span><\/span><span><span style=\"font-family: 'Source Sans Pro', Arial, 'Helvetica Neue', Helvetica, sans-serif\"><span style=\"font-size: small\"> che la teoria del sacerdozio, offerta dal volume in questione, \u00e8 del tutto \u201cpreterconciliare\u201d, per non dire \u201canticonciliare\u201d. <\/span><\/span><\/span><span><span style=\"font-family: 'Source Sans Pro', Arial, 'Helvetica Neue', Helvetica, sans-serif\"><span style=\"font-size: small\">Da parte mia credo\u00a0<\/span><\/span><\/span><span><span style=\"font-family: 'Source Sans Pro', Arial, 'Helvetica Neue', Helvetica, sans-serif\"><span style=\"font-size: small\">che <\/span><\/span><\/span><span><span style=\"font-family: 'Source Sans Pro', Arial, 'Helvetica Neue', Helvetica, sans-serif\"><span style=\"font-size: small\">non <\/span><\/span><\/span><span><span style=\"font-family: 'Source Sans Pro', Arial, 'Helvetica Neue', Helvetica, sans-serif\"><span style=\"font-size: small\">sia<\/span><\/span><\/span><span><span style=\"font-family: 'Source Sans Pro', Arial, 'Helvetica Neue', Helvetica, sans-serif\"><span style=\"font-size: small\"> affatto \u201cassurdo\u201d ritenere che una teoria del sacerdozio ministeriale, che non parli del sacerdozio comune, sia una lettura gravemente compromessa del sacerdozio ministeriale, <\/span><\/span><\/span><span><span style=\"font-family: 'Source Sans Pro', Arial, 'Helvetica Neue', Helvetica, sans-serif\"><span style=\"font-size: small\">perch\u00e9 non si \u00e8 lasci<\/span><\/span><\/span><span><span style=\"font-family: 'Source Sans Pro', Arial, 'Helvetica Neue', Helvetica, sans-serif\"><span style=\"font-size: small\">a<\/span><\/span><\/span><span><span style=\"font-family: 'Source Sans Pro', Arial, 'Helvetica Neue', Helvetica, sans-serif\"><span style=\"font-size: small\">ta insegnare nulla di decisivo dal Concilio Vaticano II<\/span><\/span><\/span><span><span style=\"font-family: 'Source Sans Pro', Arial, 'Helvetica Neue', Helvetica, sans-serif\"><span style=\"font-size: small\">. <\/span><\/span><\/span><span><span style=\"font-family: 'Source Sans Pro', Arial, 'Helvetica Neue', Helvetica, sans-serif\"><span style=\"font-size: small\">E q<\/span><\/span><\/span><span><span style=\"font-family: 'Source Sans Pro', Arial, 'Helvetica Neue', Helvetica, sans-serif\"><span style=\"font-size: small\">uesto \u00e8 il punto <\/span><\/span><\/span><span><span style=\"font-family: 'Source Sans Pro', Arial, 'Helvetica Neue', Helvetica, sans-serif\"><span style=\"font-size: small\">nodale<\/span><\/span><\/span><span><span style=\"font-family: 'Source Sans Pro', Arial, 'Helvetica Neue', Helvetica, sans-serif\"><span style=\"font-size: small\">. Dal Concilio Vaticano II in poi non \u00e8 possibile proporre una teoria del sacerdozio ordinato <\/span><\/span><\/span><span><span style=\"font-family: 'Source Sans Pro', Arial, 'Helvetica Neue', Helvetica, sans-serif\"><span style=\"font-size: small\">cattolico <\/span><\/span><\/span><span><span style=\"font-family: 'Source Sans Pro', Arial, 'Helvetica Neue', Helvetica, sans-serif\"><span style=\"font-size: small\">senza \u201cordinarlo\u201d, come \u00e8 richiesto da LG, da SC e da PO, al sacerdozio comune.<\/span><\/span><\/span><\/p>\n<p align=\"left\"><span style=\"color: #333333\"><span style=\"font-family: 'Source Sans Pro', Arial, 'Helvetica Neue', Helvetica, sans-serif\"><span style=\"font-size: small\">Considerare \u201cassurda\u201d la pretesa che, in un discorso sul \u201csacerdozio cattolico\u201d, <\/span><\/span><\/span><span style=\"color: #333333\"><span style=\"font-family: 'Source Sans Pro', Arial, 'Helvetica Neue', Helvetica, sans-serif\"><span style=\"font-size: small\">s<\/span><\/span><\/span><span style=\"color: #333333\"><span style=\"font-family: 'Source Sans Pro', Arial, 'Helvetica Neue', Helvetica, sans-serif\"><span style=\"font-size: small\">i debba <\/span><\/span><\/span><span style=\"color: #333333\"><span style=\"font-family: 'Source Sans Pro', Arial, 'Helvetica Neue', Helvetica, sans-serif\"><span style=\"font-size: small\">necessariamente <\/span><\/span><\/span><span style=\"color: #333333\"><span style=\"font-family: 'Source Sans Pro', Arial, 'Helvetica Neue', Helvetica, sans-serif\"><span style=\"font-size: small\">parlare del sacerdozio comune, oltre che del sacerdozio ministeriale, appare piuttosto sorprendente. A meno che il recensore si sia talmente immerso nel tono del testo recensito, da perdere il riferimento normativo che un discorso \u201ccattolico\u201d deve <\/span><\/span><\/span><span style=\"color: #333333\"><span style=\"font-family: 'Source Sans Pro', Arial, 'Helvetica Neue', Helvetica, sans-serif\"><span style=\"font-size: small\">custodire con <\/span><\/span><\/span><span style=\"color: #333333\"><span style=\"font-family: 'Source Sans Pro', Arial, 'Helvetica Neue', Helvetica, sans-serif\"><span style=\"font-size: small\">grande <\/span><\/span><\/span><span style=\"color: #333333\"><span style=\"font-family: 'Source Sans Pro', Arial, 'Helvetica Neue', Helvetica, sans-serif\"><span style=\"font-size: small\">cura <\/span><\/span><\/span><span style=\"color: #333333\"><span style=\"font-family: 'Source Sans Pro', Arial, 'Helvetica Neue', Helvetica, sans-serif\"><span style=\"font-size: small\">e che non pu\u00f2 in nessun caso \u201csilenziare\u201d<\/span><\/span><\/span><span style=\"color: #333333\"><span style=\"font-family: 'Source Sans Pro', Arial, 'Helvetica Neue', Helvetica, sans-serif\"><span style=\"font-size: small\">. <\/span><\/span><\/span><span style=\"color: #333333\"><span style=\"font-family: 'Source Sans Pro', Arial, 'Helvetica Neue', Helvetica, sans-serif\"><span style=\"font-size: small\">I<\/span><\/span><\/span><span style=\"color: #333333\"><span style=\"font-family: 'Source Sans Pro', Arial, 'Helvetica Neue', Helvetica, sans-serif\"><span style=\"font-size: small\">l termine \u201ccattolico\u201d <\/span><\/span><\/span><span style=\"color: #333333\"><span style=\"font-family: 'Source Sans Pro', Arial, 'Helvetica Neue', Helvetica, sans-serif\"><span style=\"font-size: small\">infatti<\/span><\/span><\/span><span style=\"color: #333333\"><span style=\"font-family: 'Source Sans Pro', Arial, 'Helvetica Neue', Helvetica, sans-serif\"><span style=\"font-size: small\">, nella sua accezione aggiornata dai testi e dalle esperienze del Concilio Vaticano II, esige una comprensione pi\u00f9 ampia e pi\u00f9 articolata del sacerdozio. <\/span><\/span><\/span><span style=\"color: #333333\"><span style=\"font-family: 'Source Sans Pro', Arial, 'Helvetica Neue', Helvetica, sans-serif\"><span style=\"font-size: small\">Essa<\/span><\/span><\/span><span style=\"color: #333333\"><span style=\"font-family: 'Source Sans Pro', Arial, 'Helvetica Neue', Helvetica, sans-serif\"><span style=\"font-size: small\"> discende da una comprensione pi\u00f9 profonda della Chiesa e della liturgia. Se la Chiesa \u00e8 anzitutto \u201cpopolo di Dio\u201d e la liturgia \u00e8 \u201cazione comune di Cristo e della Chiesa\u201d, una teoria del sacerdozio che non colga la necessaria priorit\u00e0 della \u201ccomunit\u00e0 sacerdotale\u201d <\/span><\/span><\/span><span style=\"color: #333333\"><span style=\"font-family: 'Source Sans Pro', Arial, 'Helvetica Neue', Helvetica, sans-serif\"><span style=\"font-size: small\">(LG 11)<\/span><\/span><\/span><span style=\"color: #333333\"><span style=\"font-family: 'Source Sans Pro', Arial, 'Helvetica Neue', Helvetica, sans-serif\"><span style=\"font-size: small\"> e della \u201cazione partecipata\u201d <\/span><\/span><\/span><span style=\"color: #333333\"><span style=\"font-family: 'Source Sans Pro', Arial, 'Helvetica Neue', Helvetica, sans-serif\"><span style=\"font-size: small\">(SC 48)<\/span><\/span><\/span><span style=\"color: #333333\"><span style=\"font-family: 'Source Sans Pro', Arial, 'Helvetica Neue', Helvetica, sans-serif\"><span style=\"font-size: small\">, costruisce un modello di Chiesa e di liturgia che possono fare a meno di ogni riforma. <\/span><\/span><\/span><span style=\"color: #333333\"><span style=\"font-family: 'Source Sans Pro', Arial, 'Helvetica Neue', Helvetica, sans-serif\"><span style=\"font-size: small\">Cos\u00ec si porta acqua a chi vuole la piramide <\/span><\/span><\/span><span style=\"color: #333333\"><span style=\"font-family: 'Source Sans Pro', Arial, 'Helvetica Neue', Helvetica, sans-serif\"><span style=\"font-size: small\">gerarchica <\/span><\/span><\/span><span style=\"color: #333333\"><span style=\"font-family: 'Source Sans Pro', Arial, 'Helvetica Neue', Helvetica, sans-serif\"><span style=\"font-size: small\">non rovesciata e la liturgia indifferentemente nuova o antica, <\/span><\/span><\/span><span style=\"color: #333333\"><span style=\"font-family: 'Source Sans Pro', Arial, 'Helvetica Neue', Helvetica, sans-serif\"><span style=\"font-size: small\">ad libitum.<\/span><\/span><\/span><\/p>\n<p align=\"left\"><span style=\"color: #333333\"><span style=\"font-family: 'Source Sans Pro', Arial, 'Helvetica Neue', Helvetica, sans-serif\"><span style=\"font-size: small\">Se diciamo che il sacerdote ordinato pu\u00f2 essere compreso \u201cin s\u00e9\u201d e non in rapporto al sacerdozio di tutti i battezzati, perdiamo l\u2019unico terreno su cui ha senso la <\/span><\/span><\/span><span style=\"color: #333333\"><span style=\"font-family: 'Source Sans Pro', Arial, 'Helvetica Neue', Helvetica, sans-serif\"><span style=\"font-size: small\">r<\/span><\/span><\/span><span style=\"color: #333333\"><span style=\"font-family: 'Source Sans Pro', Arial, 'Helvetica Neue', Helvetica, sans-serif\"><span style=\"font-size: small\">iforma liturgica, la sinodalit\u00e0, la inculturazione. Non \u00e8 un caso che il libro <\/span><\/span><\/span><span style=\"color: #333333\"><span style=\"font-family: 'Source Sans Pro', Arial, 'Helvetica Neue', Helvetica, sans-serif\"><span style=\"font-size: small\">qui recensito<\/span><\/span><\/span><span style=\"color: #333333\"><span style=\"font-family: 'Source Sans Pro', Arial, 'Helvetica Neue', Helvetica, sans-serif\"><span style=\"font-size: small\"> sia stato pubblicato, <\/span><\/span><\/span><span style=\"color: #333333\"><span style=\"font-family: 'Source Sans Pro', Arial, 'Helvetica Neue', Helvetica, sans-serif\"><span style=\"font-size: small\">in fondo,<\/span><\/span><\/span><span style=\"color: #333333\"><span style=\"font-family: 'Source Sans Pro', Arial, 'Helvetica Neue', Helvetica, sans-serif\"><span style=\"font-size: small\"> contro <\/span><\/span><\/span><span style=\"color: #333333\"><span style=\"font-family: 'Source Sans Pro', Arial, 'Helvetica Neue', Helvetica, sans-serif\"><span style=\"font-size: small\">un risultato del<\/span><\/span><\/span><span style=\"color: #333333\"><span style=\"font-family: 'Source Sans Pro', Arial, 'Helvetica Neue', Helvetica, sans-serif\"><span style=\"font-size: small\"> Sinodo sulla Amazzonia. <\/span><\/span><\/span><span style=\"color: #333333\"><span style=\"font-family: 'Source Sans Pro', Arial, 'Helvetica Neue', Helvetica, sans-serif\"><span style=\"font-size: small\">Perch\u00e9 solo astraendo dal reale storico e geografico, <\/span><\/span><\/span><span style=\"color: #333333\"><span style=\"font-family: 'Source Sans Pro', Arial, 'Helvetica Neue', Helvetica, sans-serif\"><span style=\"font-size: small\">solo <\/span><\/span><\/span><span style=\"color: #333333\"><span style=\"font-family: 'Source Sans Pro', Arial, 'Helvetica Neue', Helvetica, sans-serif\"><span style=\"font-size: small\">se il mondo pu\u00f2 essere una variabile irrilevante, <\/span><\/span><\/span><span style=\"color: #333333\"><span style=\"font-family: 'Source Sans Pro', Arial, 'Helvetica Neue', Helvetica, sans-serif\"><span style=\"font-size: small\">solo <\/span><\/span><\/span><span style=\"color: #333333\"><span style=\"font-family: 'Source Sans Pro', Arial, 'Helvetica Neue', Helvetica, sans-serif\"><span style=\"font-size: small\">se le vicende e le esperienze di uomini e donne sono sol<\/span><\/span><\/span><span style=\"color: #333333\"><span style=\"font-family: 'Source Sans Pro', Arial, 'Helvetica Neue', Helvetica, sans-serif\"><span style=\"font-size: small\">tanto<\/span><\/span><\/span><span style=\"color: #333333\"><span style=\"font-family: 'Source Sans Pro', Arial, 'Helvetica Neue', Helvetica, sans-serif\"><span style=\"font-size: small\"> fumo e cenere, \u00e8 possibile pensare di \u201ccustodire la tradizione\u201d mantenendo le strutture mentali e istituzionali del Concilio di Trento. <\/span><\/span><\/span><span style=\"color: #333333\"><span style=\"font-family: 'Source Sans Pro', Arial, 'Helvetica Neue', Helvetica, sans-serif\"><span style=\"font-size: small\">Ma s<\/span><\/span><\/span><span style=\"color: #333333\"><span style=\"font-family: 'Source Sans Pro', Arial, 'Helvetica Neue', Helvetica, sans-serif\"><span style=\"font-size: small\">oltanto se ammettiamo che l\u2019atto di fede e di culto \u00e8 \u201cazione comune\u201d di tutta la Chiesa, possiamo concepire correttamente il sacerdozio ordinato, <\/span><\/span><\/span><span style=\"color: #333333\"><span style=\"font-family: 'Source Sans Pro', Arial, 'Helvetica Neue', Helvetica, sans-serif\"><span style=\"font-size: small\">senza isolarlo in <\/span><\/span><\/span><span style=\"color: #333333\"><span style=\"font-family: 'Source Sans Pro', Arial, 'Helvetica Neue', Helvetica, sans-serif\"><span style=\"font-size: small\">un <\/span><\/span><\/span><span style=\"color: #333333\"><span style=\"font-family: 'Source Sans Pro', Arial, 'Helvetica Neue', Helvetica, sans-serif\"><span style=\"font-size: small\">rapporto solitario con Cristo<\/span><\/span><\/span><span style=\"color: #333333\"><span style=\"font-family: 'Source Sans Pro', Arial, 'Helvetica Neue', Helvetica, sans-serif\"><span style=\"font-size: small\">. Per questa ragione ecclesiologica e liturgica, <\/span><\/span><\/span><span style=\"color: #333333\"><span style=\"font-family: 'Source Sans Pro', Arial, 'Helvetica Neue', Helvetica, sans-serif\"><span style=\"font-size: small\">che \u00e8 pienezza pneumatologica e cristologica,<\/span><\/span><\/span><span style=\"color: #333333\"><span style=\"font-family: 'Source Sans Pro', Arial, 'Helvetica Neue', Helvetica, sans-serif\"><span style=\"font-size: small\"> non si pu\u00f2 dire che sia \u201cnormale\u201d parlare di sacerdozio gerarchico senza parlare <\/span><\/span><\/span><span style=\"color: #333333\"><span style=\"font-family: 'Source Sans Pro', Arial, 'Helvetica Neue', Helvetica, sans-serif\"><span style=\"font-size: small\">per nulla <\/span><\/span><\/span><span style=\"color: #333333\"><span style=\"font-family: 'Source Sans Pro', Arial, 'Helvetica Neue', Helvetica, sans-serif\"><span style=\"font-size: small\">di sacerdozio comune. Per la stessa ragione il silenzio, proprio il silenzio, diventa una omissione irrimediabile, <\/span><\/span><\/span><span style=\"color: #333333\"><span style=\"font-family: 'Source Sans Pro', Arial, 'Helvetica Neue', Helvetica, sans-serif\"><span style=\"font-size: small\">perch\u00e9 distorce il sacerdozio.\u00a0<\/span><\/span><\/span><span style=\"color: #333333\"><span style=\"font-family: 'Source Sans Pro', Arial, 'Helvetica Neue', Helvetica, sans-serif\"><span style=\"font-size: small\">Essa<\/span><\/span><\/span><span style=\"color: #333333\"><span style=\"font-family: 'Source Sans Pro', Arial, 'Helvetica Neue', Helvetica, sans-serif\"><span style=\"font-size: small\"> rende la Chiesa immune da <\/span><\/span><\/span><span style=\"color: #333333\"><span style=\"font-family: 'Source Sans Pro', Arial, 'Helvetica Neue', Helvetica, sans-serif\"><span style=\"font-size: small\">riforme<\/span><\/span><\/span><span style=\"color: #333333\"><span style=\"font-family: 'Source Sans Pro', Arial, 'Helvetica Neue', Helvetica, sans-serif\"><span style=\"font-size: small\">, perch\u00e9 garantita semplicemente dai preti. Questo \u00e8 ci\u00f2 che Rosmini denunciava gi\u00e0 nel 1832. Per questo non \u00e8 affatto assurdo interpretare il silenzio sul sacerdozio comune come una cosa troppo grave per esser <\/span><\/span><\/span><span style=\"color: #333333\"><span style=\"font-family: 'Source Sans Pro', Arial, 'Helvetica Neue', Helvetica, sans-serif\"><span style=\"font-size: small\">cos\u00ec facilmente attribuibile\u00a0<\/span><\/span><\/span><span style=\"color: #333333\"><span style=\"font-family: 'Source Sans Pro', Arial, 'Helvetica Neue', Helvetica, sans-serif\"><span style=\"font-size: small\">ad<\/span><\/span><\/span><span style=\"color: #333333\"><span style=\"font-family: 'Source Sans Pro', Arial, 'Helvetica Neue', Helvetica, sans-serif\"><span style=\"font-size: small\"> un cardinale e <\/span><\/span><\/span><span style=\"color: #333333\"><span style=\"font-family: 'Source Sans Pro', Arial, 'Helvetica Neue', Helvetica, sans-serif\"><span style=\"font-size: small\">ad<\/span><\/span><\/span><span style=\"color: #333333\"><span style=\"font-family: 'Source Sans Pro', Arial, 'Helvetica Neue', Helvetica, sans-serif\"><span style=\"font-size: small\"> un vescovo emerito <\/span><\/span><\/span><span style=\"color: #333333\"><span style=\"font-family: 'Source Sans Pro', Arial, 'Helvetica Neue', Helvetica, sans-serif\"><span style=\"font-size: small\">del 2020<\/span><\/span><\/span><span style=\"color: #333333\"><span style=\"font-family: 'Source Sans Pro', Arial, 'Helvetica Neue', Helvetica, sans-serif\"><span style=\"font-size: small\">. D\u2019altra parte, se fosse \u201cassurda\u201d la preoccupazione che diversi commentatori hanno sollevato, come \u00e8 possibile che in uno dei manuali pi\u00f9 accreditati \u2013 e <\/span><\/span><\/span><span style=\"color: #333333\"><span style=\"font-family: 'Source Sans Pro', Arial, 'Helvetica Neue', Helvetica, sans-serif\"><span style=\"font-size: small\">giustamente <\/span><\/span><\/span><span style=\"color: #333333\"><span style=\"font-family: 'Source Sans Pro', Arial, 'Helvetica Neue', Helvetica, sans-serif\"><span style=\"font-size: small\">pi\u00f9 <\/span><\/span><\/span><span style=\"color: #333333\"><span style=\"font-family: 'Source Sans Pro', Arial, 'Helvetica Neue', Helvetica, sans-serif\"><span style=\"font-size: small\">fedeli al Vaticano II<\/span><\/span><\/span><span style=\"color: #333333\"><span style=\"font-family: 'Source Sans Pro', Arial, 'Helvetica Neue', Helvetica, sans-serif\"><span style=\"font-size: small\"> \u2013 come quello di Erio Castellucci, si dica, apertis verbis, e per di pi\u00f9 in un titolo, che per comprendere il ministero ordinato cristiano si <\/span><\/span><\/span><span style=\"color: #333333\"><span style=\"font-family: 'Source Sans Pro', Arial, 'Helvetica Neue', Helvetica, sans-serif\"><span style=\"font-size: small\">\u00e8<\/span><\/span><\/span><span style=\"color: #333333\"><span style=\"font-family: 'Source Sans Pro', Arial, 'Helvetica Neue', Helvetica, sans-serif\"><span style=\"font-size: small\"> utilizzato \u201cun punto di aggan<\/span><\/span><\/span><span style=\"color: #333333\"><span style=\"font-family: 'Source Sans Pro', Arial, 'Helvetica Neue', Helvetica, sans-serif\"><span style=\"font-size: small\">c<\/span><\/span><\/span><span style=\"color: #333333\"><span style=\"font-family: 'Source Sans Pro', Arial, 'Helvetica Neue', Helvetica, sans-serif\"><span style=\"font-size: small\">io biblico inadeguato: il sacerdozio\u201d (p.12)? Quando non correlato al \u201csacerdozio comune dei battezzati\u201d, il \u201csacerdozio\u201d \u00e8 <\/span><\/span><\/span><span style=\"color: #333333\"><span style=\"font-family: 'Source Sans Pro', Arial, 'Helvetica Neue', Helvetica, sans-serif\"><span style=\"font-size: small\">un titolo gravemente<\/span><\/span><\/span><span style=\"color: #333333\"><span style=\"font-family: 'Source Sans Pro', Arial, 'Helvetica Neue', Helvetica, sans-serif\"><span style=\"font-size: small\">\u00a0inadeguato. <\/span><\/span><\/span><span style=\"color: #333333\"><span style=\"font-family: 'Source Sans Pro', Arial, 'Helvetica Neue', Helvetica, sans-serif\"><span style=\"font-size: small\">Perch\u00e9 ricostruisce il prete, la liturgia e la Chiesa come se il Concilio non ci fosse mai stato. E&#8217; questo che a me, nel 2020, pare veramente assurdo.<\/span><\/span><\/span><span style=\"color: #333333\"><span style=\"font-family: 'Source Sans Pro', Arial, 'Helvetica Neue', Helvetica, sans-serif\"><span style=\"font-size: small\"><br \/>\n<\/span><\/span><\/span><\/p>\n","protected":false},"excerpt":{"rendered":"<p>L\u2019occasione per questa riflessione mi \u00e8 stata data oggi dalla lettura di un testo, suggeritomi da un amico attento.\u00a0Infatti, \u00e8 apparsa oggi su \u201cAvvenire\u201d una recensione del libro \u201cDal profondo del nostro cuore\u201d, in cui&#8230;<\/p>\n","protected":false},"author":7,"featured_media":0,"comment_status":"open","ping_status":"open","sticky":false,"template":"","format":"standard","meta":[],"categories":[50],"tags":[],"_links":{"self":[{"href":"https:\/\/www.cittadellaeditrice.com\/munera\/wp-json\/wp\/v2\/posts\/14785"}],"collection":[{"href":"https:\/\/www.cittadellaeditrice.com\/munera\/wp-json\/wp\/v2\/posts"}],"about":[{"href":"https:\/\/www.cittadellaeditrice.com\/munera\/wp-json\/wp\/v2\/types\/post"}],"author":[{"embeddable":true,"href":"https:\/\/www.cittadellaeditrice.com\/munera\/wp-json\/wp\/v2\/users\/7"}],"replies":[{"embeddable":true,"href":"https:\/\/www.cittadellaeditrice.com\/munera\/wp-json\/wp\/v2\/comments?post=14785"}],"version-history":[{"count":5,"href":"https:\/\/www.cittadellaeditrice.com\/munera\/wp-json\/wp\/v2\/posts\/14785\/revisions"}],"predecessor-version":[{"id":14790,"href":"https:\/\/www.cittadellaeditrice.com\/munera\/wp-json\/wp\/v2\/posts\/14785\/revisions\/14790"}],"wp:attachment":[{"href":"https:\/\/www.cittadellaeditrice.com\/munera\/wp-json\/wp\/v2\/media?parent=14785"}],"wp:term":[{"taxonomy":"category","embeddable":true,"href":"https:\/\/www.cittadellaeditrice.com\/munera\/wp-json\/wp\/v2\/categories?post=14785"},{"taxonomy":"post_tag","embeddable":true,"href":"https:\/\/www.cittadellaeditrice.com\/munera\/wp-json\/wp\/v2\/tags?post=14785"}],"curies":[{"name":"wp","href":"https:\/\/api.w.org\/{rel}","templated":true}]}}