{"id":14770,"date":"2020-01-29T12:33:03","date_gmt":"2020-01-29T11:33:03","guid":{"rendered":"http:\/\/www.cittadellaeditrice.com\/munera\/?p=14770"},"modified":"2020-01-29T12:33:58","modified_gmt":"2020-01-29T11:33:58","slug":"il-magistero-dellazione-rituale-le-cose-che-abbiamo-imparato-da-p-silvano","status":"publish","type":"post","link":"https:\/\/www.cittadellaeditrice.com\/munera\/il-magistero-dellazione-rituale-le-cose-che-abbiamo-imparato-da-p-silvano\/","title":{"rendered":"Il magistero dell&#8217;azione rituale: le cose che abbiamo imparato da P. Silvano"},"content":{"rendered":"<p><a href=\"http:\/\/www.cittadellaeditrice.com\/munera\/wp-content\/uploads\/corso.jpeg\"><img decoding=\"async\" loading=\"lazy\" class=\"alignnone size-medium wp-image-14771\" alt=\"corso\" src=\"http:\/\/www.cittadellaeditrice.com\/munera\/wp-content\/uploads\/corso-225x300.jpeg\" width=\"225\" height=\"300\" srcset=\"https:\/\/www.cittadellaeditrice.com\/munera\/wp-content\/uploads\/corso-225x300.jpeg 225w, https:\/\/www.cittadellaeditrice.com\/munera\/wp-content\/uploads\/corso-768x1024.jpeg 768w, https:\/\/www.cittadellaeditrice.com\/munera\/wp-content\/uploads\/corso.jpeg 1200w\" sizes=\"(max-width: 225px) 100vw, 225px\" \/><\/a><a href=\"http:\/\/www.cittadellaeditrice.com\/munera\/wp-content\/uploads\/SilvanoPrassi.jpeg\"><img decoding=\"async\" loading=\"lazy\" class=\"alignnone size-medium wp-image-14772\" alt=\"SilvanoPrassi\" src=\"http:\/\/www.cittadellaeditrice.com\/munera\/wp-content\/uploads\/SilvanoPrassi-225x300.jpeg\" width=\"225\" height=\"300\" srcset=\"https:\/\/www.cittadellaeditrice.com\/munera\/wp-content\/uploads\/SilvanoPrassi-225x300.jpeg 225w, https:\/\/www.cittadellaeditrice.com\/munera\/wp-content\/uploads\/SilvanoPrassi-768x1024.jpeg 768w, https:\/\/www.cittadellaeditrice.com\/munera\/wp-content\/uploads\/SilvanoPrassi.jpeg 1200w\" sizes=\"(max-width: 225px) 100vw, 225px\" \/><\/a><\/p>\n<p>La presenza di P. Silvano Maggiani, che ora \u00e8 mescolata alla sua dolorosa assenza, passa attraverso i canali della memoria, ma anche attraverso i testi pubblicati. Facciamo memoria di lui tornando ai suoi testi. Ho ripreso in mano questo testo: sono 20 pagine di 20 anni fa, che gli avevamo chiesto per la parte generale del &#8220;Corso di teologia sacramentaria&#8221; (Brescia, Queriniana, 2000), che con Pius-Ramon Tragan e Marinella Perroni stavamo allora costruendo. Silvano concentr\u00f2, in quelle pagine del primo volume (43-62), molto del suo magistero liturgico.<\/p>\n<p>E&#8217; bello ritrovare Silvano, persino il suo tono e il suo accento toscano, su quelle pagine preziose. Ripercorriamo le sue parole-chiave, che abbiamo ascoltato tante volte altrove e che qui troviamo in bell&#8217;ordine, con grande sintesi:<\/p>\n<p>a. Il titolo \u00e8 &#8220;La prassi ecclesiale del sacramenti&#8221;: i sacramenti sono\u00a0<em>actiones<\/em> e il termine\u00a0<em>actio<\/em> \u00e8 la maniera non semplicemente di &#8220;eseguire&#8221; un contenuto, ma la forma stessa del modo di accedere al contenuto.<\/p>\n<p>b. E&#8217; <em>Sacrosanctum Concilium\u00a0\u00a0<\/em>ad inaugurare un metodo di lettura della liturgia come &#8220;azione cui partecipare&#8221;, che ha trasformato il modo di interpretare anche i sacramenti.<\/p>\n<p>c. Questa lettura in termini di\u00a0<em>actio<\/em> interpreta la relazione con l&#8217;<em>opus Christi<\/em>\u00a0e ne desume una ermeneutica della liturgia come &#8220;opus Christi et ecclesiae&#8221; per mediazione dei &#8220;segni sensibili&#8221;. In tal modo celebrare &#8220;per ritus et preces&#8221; significa attivare tutti i registri verbali e non verbali della azione comunicativa.<\/p>\n<p>d. Di qui scaturisce un interesse per gli O<em>rdines<\/em>, i libri liturgici, come specchio e immagine della realt\u00e0 sacramentale celebrata. Cos\u00ec la ricerca diventa un continuo richiamo tra lo &#8220;schema ordinato&#8221; e la &#8220;realt\u00e0 agita&#8221;.<\/p>\n<p>Questo schema perviene ad una evidenza, che suona come un compito delle generazioni a venire, che Silvano scriveva 20 anni fa, ma che oggi risuona con ancor maggior forza. E si noter\u00e0 come in questa frase, con cui voglio concludere questo breve riassunto, ascoltiamo, profeticamente, alcune parole che oggi sono diventate molto pi\u00f9 comuni e consuete, essendo state assunte dal magistero al suo livello pi\u00f9 alto:<\/p>\n<p><em>&#8220;Nell&#8217;ambito della sacramentaria il primato da dare alla &#8216;realt\u00e0&#8217; prima che al &#8216;concetto&#8217;, alla &#8216;cosa&#8217; prima che alla &#8216;idea&#8217; o alla comprensione della medesima &#8211; \u00e8 importante ribadirlo &#8211; non \u00e8 ormai pi\u00f9 dilazionabile. E&#8217; tempo di considerare compiutamente nella riflessione, per usare una espressione scolastica, il\u00a0<\/em>sacramentum tantum<em>, di cui sono indicatori i libri liturgici: la struttura celebrativa, il soggetto integrale della celebrazione nella sua ministerialit\u00e0 (assemblea, presidente, ministri, ministranti); il dispositivo ecologico: distribuzione e regolamentazione del tempo e dello spazio; il dispositivo ecologico (azioni, cose, oggetti); atti di linguaggio: rapporto tra gesto e parola, in sintesi il linguaggio liturgico nella sua datit\u00e0 operativa&#8221;<\/em> (52)<\/p>\n<p>Questa frase, nella sua articolazione, ci offre l&#8217;integrale oggetto di interesse del P. Silvano liturgista. Ogni riga ha avuto in lui e nei suoi allievi, molteplici sviluppi. E riconosciamo, oggi pi\u00f9 di ieri, nelle sue parole le nostre e nelle nostre parole le sue.<\/p>\n","protected":false},"excerpt":{"rendered":"<p>La presenza di P. Silvano Maggiani, che ora \u00e8 mescolata alla sua dolorosa assenza, passa attraverso i canali della memoria, ma anche attraverso i testi pubblicati. Facciamo memoria di lui tornando ai suoi testi. Ho&#8230;<\/p>\n","protected":false},"author":7,"featured_media":0,"comment_status":"open","ping_status":"open","sticky":false,"template":"","format":"standard","meta":[],"categories":[50],"tags":[],"_links":{"self":[{"href":"https:\/\/www.cittadellaeditrice.com\/munera\/wp-json\/wp\/v2\/posts\/14770"}],"collection":[{"href":"https:\/\/www.cittadellaeditrice.com\/munera\/wp-json\/wp\/v2\/posts"}],"about":[{"href":"https:\/\/www.cittadellaeditrice.com\/munera\/wp-json\/wp\/v2\/types\/post"}],"author":[{"embeddable":true,"href":"https:\/\/www.cittadellaeditrice.com\/munera\/wp-json\/wp\/v2\/users\/7"}],"replies":[{"embeddable":true,"href":"https:\/\/www.cittadellaeditrice.com\/munera\/wp-json\/wp\/v2\/comments?post=14770"}],"version-history":[{"count":4,"href":"https:\/\/www.cittadellaeditrice.com\/munera\/wp-json\/wp\/v2\/posts\/14770\/revisions"}],"predecessor-version":[{"id":14776,"href":"https:\/\/www.cittadellaeditrice.com\/munera\/wp-json\/wp\/v2\/posts\/14770\/revisions\/14776"}],"wp:attachment":[{"href":"https:\/\/www.cittadellaeditrice.com\/munera\/wp-json\/wp\/v2\/media?parent=14770"}],"wp:term":[{"taxonomy":"category","embeddable":true,"href":"https:\/\/www.cittadellaeditrice.com\/munera\/wp-json\/wp\/v2\/categories?post=14770"},{"taxonomy":"post_tag","embeddable":true,"href":"https:\/\/www.cittadellaeditrice.com\/munera\/wp-json\/wp\/v2\/tags?post=14770"}],"curies":[{"name":"wp","href":"https:\/\/api.w.org\/{rel}","templated":true}]}}