{"id":11801,"date":"2017-04-11T11:19:20","date_gmt":"2017-04-11T09:19:20","guid":{"rendered":"http:\/\/www.cittadellaeditrice.com\/munera\/?p=11801"},"modified":"2017-04-11T11:19:20","modified_gmt":"2017-04-11T09:19:20","slug":"triduo-pasquale-brevissima-introduzione","status":"publish","type":"post","link":"https:\/\/www.cittadellaeditrice.com\/munera\/triduo-pasquale-brevissima-introduzione\/","title":{"rendered":"Triduo Pasquale: brevissima introduzione"},"content":{"rendered":"<p><a href=\"http:\/\/www.cittadellaeditrice.com\/munera\/wp-content\/uploads\/S.Sabina-particolare-porta.jpg\"><img decoding=\"async\" loading=\"lazy\" class=\"alignnone size-full wp-image-11802\" alt=\"S.Sabina-particolare-porta\" src=\"http:\/\/www.cittadellaeditrice.com\/munera\/wp-content\/uploads\/S.Sabina-particolare-porta.jpg\" width=\"281\" height=\"220\" \/><\/a><\/p>\n<p align=\"justify\"><span style=\"font-family: 'Minion Pro', serif\"><span>Il Triduo pasquale ci introduce al mistero del Corpo di Cristo che \u00e8 la Chiesa, ci \u201cinizia\u201d alla pasqua, che si celebra in 3 giorni (triduo) e poi in 7 volte 7 giorni (cinquantina pasquale fino a Pentecoste).<\/span><\/span><\/p>\n<p align=\"justify\"><span style=\"font-family: 'Minion Pro', serif\"><span>Triduo non \u00e8 \u201ctre giorni di preparazione alla Pasqua\u201d, ma \u201cfesta di Pasqua su tre giorni\u201d.<\/span><\/span><\/p>\n<p align=\"justify\"><span style=\"font-family: 'Minion Pro', serif\"><span>La centralit\u00e0 del Triduo pasquale \u00e8 gradualmente riemersa negli ultimi 70 anni. La Settimana santa per secoli non riconobbe la centralit\u00e0 del Triduo. Anche quando il Sacro Triduo venne valorizzato, come nel nuovo <\/span><\/span><span style=\"font-family: 'Minion Pro', serif\"><span><i>Ordo<\/i><\/span><\/span><span style=\"font-family: 'Minion Pro', serif\"><span> del 1955 <\/span><\/span><span style=\"font-family: 'Minion Pro', serif\"><span>voluto da Pio XII<\/span><\/span><span style=\"font-family: 'Minion Pro', serif\"><span>, esso appariva semplicemente equiparato<\/span><\/span><span style=\"font-family: 'Minion Pro', serif\"><span>agli<\/span><\/span><span style=\"font-family: 'Minion Pro', serif\"><span><i> \u00abultimi tre giorni della quaresima\u00bb <\/i><\/span><\/span><span style=\"font-family: 'Minion Pro', serif\"><span> ed era costituito dal gioved\u00ec, venerd\u00ec e sabato santo. Cominciava la mattina del gioved\u00ec e finiva con i Vespri del sabato, <\/span><\/span><span style=\"font-family: 'Minion Pro', serif\"><span><i>lasciando fuori la domenica di Risurrezione<\/i><\/span><\/span><span style=\"font-family: 'Minion Pro', serif\"><span>.<\/span><\/span><\/p>\n<p align=\"justify\"><span style=\"font-family: 'Minion Pro', serif\"><span>Solo nel 1969 si giunge alla celebrazione attuale: il Triduo cambia nome (non pi\u00f9 Sacro Triduo, ma Triduo pasquale), cambia \u201clogica rituale\u201d e cambia \u201cinterpretazione teologica\u201d. La <\/span><\/span><span style=\"font-family: 'Minion Pro', serif\"><span><b>logica rituale<\/b><\/span><\/span><span style=\"font-family: 'Minion Pro', serif\"><span> considera il Triduo come tre giorni, contando da tramonto a tramonto: dalla <\/span><\/span><span style=\"font-family: 'Minion Pro', serif\"><span><i>Missa in Coena Domini<\/i><\/span><\/span><span style=\"font-family: 'Minion Pro', serif\"><span> del gioved\u00ec sera alla sepoltura <\/span><\/span><span style=\"font-family: 'Minion Pro', serif\"><span>del crocifisso <\/span><\/span><span style=\"font-family: 'Minion Pro', serif\"><span>la sera del venerd\u00ec (primo giorno); dal tramonto del venerd\u00ec a quello del sabato, nella comunione con i defunti (secondo giorno), dalla Veglia pasquale ai Vespri della Domenica di Risurrezione (terzo giorno). Questo porta a una vera <\/span><\/span><span style=\"font-family: 'Minion Pro', serif\"><span><b>conversione sul piano teologico<\/b><\/span><\/span><span style=\"font-family: 'Minion Pro', serif\"><span>: il Triduo non riguarda pi\u00f9 semplicemente la passione o la sepoltura del Signore, ma abbraccia passione morte e risurrezione: \u00e8 insieme <\/span><\/span><span style=\"font-family: 'Minion Pro', serif\"><span><i>passio<\/i><\/span><\/span><span style=\"font-family: 'Minion Pro', serif\"><span> e <\/span><\/span><span style=\"font-family: 'Minion Pro', serif\"><span><i>transitus<\/i><\/span><\/span><span style=\"font-family: 'Minion Pro', serif\"><span>. E ogni giorno del triduo \u00e8 Pasqua. Si esce cos\u00ec dalla tradizione che celebrava \u201cdue tridui\u201d &#8211; il triduo della Passione e quello della Risurrezione \u2013 e si recupera la tradizione antica, che unifica in un solo triduo passione, morte e resurrezione del Signore.<\/span><\/span><\/p>\n<p align=\"justify\"><span style=\"font-family: 'Minion Pro', serif\"><span>Questa unit\u00e0 di struttura rituale e di ermeneutica teologica rilegge il mistero pasquale, integrando la celebrazione ecclesiale all&#8217;interno del mistero stesso. <\/span><\/span><span style=\"font-family: MinionLT-Regular, serif\"><span>La <\/span><\/span><span style=\"font-family: MinionLT-Regular, serif\"><span><i>pasqua rituale<\/i><\/span><\/span><span style=\"font-family: MinionLT-Regular, serif\"><span> e la <\/span><\/span><span style=\"font-family: MinionLT-Regular, serif\"><span><i>pasqua storica<\/i><\/span><\/span><span style=\"font-family: MinionLT-Regular, serif\"><span> &#8211; ossia il rito della Cena e la morte in croce &#8211; con la <\/span><\/span><span style=\"font-family: MinionLT-Regular, serif\"><span><i>pasqua escatologica<\/i><\/span><\/span><span style=\"font-family: MinionLT-Regular, serif\"><span> del &#8220;sepolcro pieno&#8221; <\/span><\/span><span style=\"font-family: 'Minion Pro', serif\"><span>si compiono nella <\/span><\/span><span style=\"font-family: 'Minion Pro', serif\"><span><i>pasqua ecclesiale<\/i><\/span><\/span><span style=\"font-family: 'Minion Pro', serif\"><span>: come diceva S. Agostino il <\/span><\/span><span style=\"font-family: 'Minion Pro', serif\"><span><i>transitus Christi<\/i><\/span><\/span><span style=\"font-family: 'Minion Pro', serif\"><span>\u00a0(pasqua di Cristo) si compie e si rinnova nel <\/span><\/span><span style=\"font-family: 'Minion Pro', serif\"><span><i>transitus christianorum <\/i>(pasqua dei cristiani)<\/span><\/span><span style=\"font-family: 'Minion Pro', serif\"><span>. La comunit\u00e0 celebrante \u00e8<\/span><\/span><span style=\"font-family: 'Minion Pro', serif\"><span><i> parte integrante del mistero celebrato<\/i><\/span><\/span><span style=\"font-family: 'Minion Pro', serif\"><span>: con il Signore risorge anche la sua Chiesa, che raccoglie il Triduo tra l\u2019ultima cena con Ges\u00f9 e la prima eucaristia con il Signore. <\/span><\/span><\/p>\n<p>&nbsp;<\/p>\n","protected":false},"excerpt":{"rendered":"<p>Il Triduo pasquale ci introduce al mistero del Corpo di Cristo che \u00e8 la Chiesa, ci \u201cinizia\u201d alla pasqua, che si celebra in 3 giorni (triduo) e poi in 7 volte 7 giorni (cinquantina pasquale&#8230;<\/p>\n","protected":false},"author":7,"featured_media":0,"comment_status":"open","ping_status":"open","sticky":false,"template":"","format":"standard","meta":[],"categories":[50],"tags":[],"_links":{"self":[{"href":"https:\/\/www.cittadellaeditrice.com\/munera\/wp-json\/wp\/v2\/posts\/11801"}],"collection":[{"href":"https:\/\/www.cittadellaeditrice.com\/munera\/wp-json\/wp\/v2\/posts"}],"about":[{"href":"https:\/\/www.cittadellaeditrice.com\/munera\/wp-json\/wp\/v2\/types\/post"}],"author":[{"embeddable":true,"href":"https:\/\/www.cittadellaeditrice.com\/munera\/wp-json\/wp\/v2\/users\/7"}],"replies":[{"embeddable":true,"href":"https:\/\/www.cittadellaeditrice.com\/munera\/wp-json\/wp\/v2\/comments?post=11801"}],"version-history":[{"count":1,"href":"https:\/\/www.cittadellaeditrice.com\/munera\/wp-json\/wp\/v2\/posts\/11801\/revisions"}],"predecessor-version":[{"id":11803,"href":"https:\/\/www.cittadellaeditrice.com\/munera\/wp-json\/wp\/v2\/posts\/11801\/revisions\/11803"}],"wp:attachment":[{"href":"https:\/\/www.cittadellaeditrice.com\/munera\/wp-json\/wp\/v2\/media?parent=11801"}],"wp:term":[{"taxonomy":"category","embeddable":true,"href":"https:\/\/www.cittadellaeditrice.com\/munera\/wp-json\/wp\/v2\/categories?post=11801"},{"taxonomy":"post_tag","embeddable":true,"href":"https:\/\/www.cittadellaeditrice.com\/munera\/wp-json\/wp\/v2\/tags?post=11801"}],"curies":[{"name":"wp","href":"https:\/\/api.w.org\/{rel}","templated":true}]}}